{"id":677,"date":"2019-12-10T09:20:50","date_gmt":"2019-12-10T08:20:50","guid":{"rendered":"https:\/\/arte.umh.es\/?p=677"},"modified":"2019-12-10T09:20:50","modified_gmt":"2019-12-10T08:20:50","slug":"la-profesora-maria-jose-zanon-expone-en-francia-la-muestra-poeticas-del-olvido","status":"publish","type":"post","link":"https:\/\/arte.umh.es\/en\/2019\/12\/10\/la-profesora-maria-jose-zanon-expone-en-francia-la-muestra-poeticas-del-olvido\/","title":{"rendered":"Professor Mar\u00eda Jos\u00e9 Zan\u00f3n exhibits in France the exhibition &#8220;Po\u00e9ticas del olvido&#8221;"},"content":{"rendered":"<p class=\"qtranxs-available-languages-message qtranxs-available-languages-message-en\">Sorry, this entry is only available in <a href=\"https:\/\/arte.umh.es\/es\/wp-json\/wp\/v2\/posts\/677\" class=\"qtranxs-available-language-link qtranxs-available-language-link-es\" title=\"Espa\u00f1ol\">European Spanish<\/a>.<\/p>","protected":false},"excerpt":{"rendered":"<p>Sorry, this entry is only available in European Spanish.<\/p>\n","protected":false},"author":31,"featured_media":0,"comment_status":"closed","ping_status":"open","sticky":false,"template":"","format":"standard","meta":{"_links_to":"","_links_to_target":""},"categories":[565,357],"tags":[],"_links":{"self":[{"href":"https:\/\/arte.umh.es\/en\/wp-json\/wp\/v2\/posts\/677"}],"collection":[{"href":"https:\/\/arte.umh.es\/en\/wp-json\/wp\/v2\/posts"}],"about":[{"href":"https:\/\/arte.umh.es\/en\/wp-json\/wp\/v2\/types\/post"}],"author":[{"embeddable":true,"href":"https:\/\/arte.umh.es\/en\/wp-json\/wp\/v2\/users\/31"}],"replies":[{"embeddable":true,"href":"https:\/\/arte.umh.es\/en\/wp-json\/wp\/v2\/comments?post=677"}],"version-history":[{"count":0,"href":"https:\/\/arte.umh.es\/en\/wp-json\/wp\/v2\/posts\/677\/revisions"}],"wp:attachment":[{"href":"https:\/\/arte.umh.es\/en\/wp-json\/wp\/v2\/media?parent=677"}],"wp:term":[{"taxonomy":"category","embeddable":true,"href":"https:\/\/arte.umh.es\/en\/wp-json\/wp\/v2\/categories?post=677"},{"taxonomy":"post_tag","embeddable":true,"href":"https:\/\/arte.umh.es\/en\/wp-json\/wp\/v2\/tags?post=677"}],"curies":[{"name":"wp","href":"https:\/\/api.w.org\/{rel}","templated":true}]}}