{"id":219,"date":"2017-07-16T09:54:45","date_gmt":"2017-07-16T07:54:45","guid":{"rendered":"http:\/\/arte.umh.es\/?p=219"},"modified":"2017-07-17T10:06:02","modified_gmt":"2017-07-17T08:06:02","slug":"la-profesora-del-area-de-dibujo-susana-guerrero-y-la-coreografa-asun-noales-presentan-rito-en-colonia-alemania","status":"publish","type":"post","link":"https:\/\/arte.umh.es\/en\/2017\/07\/16\/la-profesora-del-area-de-dibujo-susana-guerrero-y-la-coreografa-asun-noales-presentan-rito-en-colonia-alemania\/","title":{"rendered":"<span lang=\"es\">(Espa\u00f1ol) LA PROFESORA DEL \u00c1REA DE DIBUJO SUSANA GUERRERO Y LA COR\u00c9OGRAFA ASUN NOALES PRESENTAN RITO EN COLONIA (ALEMANIA)<\/span>"},"content":{"rendered":"<p class=\"qtranxs-available-languages-message qtranxs-available-languages-message-en\">Sorry, this entry is only available in <a href=\"https:\/\/arte.umh.es\/es\/wp-json\/wp\/v2\/posts\/219\" class=\"qtranxs-available-language-link qtranxs-available-language-link-es\" title=\"Espa\u00f1ol\">European Spanish<\/a>.<\/p>","protected":false},"excerpt":{"rendered":"<p>Sorry, this entry is only available in European Spanish.<\/p>\n","protected":false},"author":3244,"featured_media":0,"comment_status":"closed","ping_status":"open","sticky":false,"template":"","format":"standard","meta":{"_links_to":"","_links_to_target":""},"categories":[357],"tags":[],"_links":{"self":[{"href":"https:\/\/arte.umh.es\/en\/wp-json\/wp\/v2\/posts\/219"}],"collection":[{"href":"https:\/\/arte.umh.es\/en\/wp-json\/wp\/v2\/posts"}],"about":[{"href":"https:\/\/arte.umh.es\/en\/wp-json\/wp\/v2\/types\/post"}],"author":[{"embeddable":true,"href":"https:\/\/arte.umh.es\/en\/wp-json\/wp\/v2\/users\/3244"}],"replies":[{"embeddable":true,"href":"https:\/\/arte.umh.es\/en\/wp-json\/wp\/v2\/comments?post=219"}],"version-history":[{"count":0,"href":"https:\/\/arte.umh.es\/en\/wp-json\/wp\/v2\/posts\/219\/revisions"}],"wp:attachment":[{"href":"https:\/\/arte.umh.es\/en\/wp-json\/wp\/v2\/media?parent=219"}],"wp:term":[{"taxonomy":"category","embeddable":true,"href":"https:\/\/arte.umh.es\/en\/wp-json\/wp\/v2\/categories?post=219"},{"taxonomy":"post_tag","embeddable":true,"href":"https:\/\/arte.umh.es\/en\/wp-json\/wp\/v2\/tags?post=219"}],"curies":[{"name":"wp","href":"https:\/\/api.w.org\/{rel}","templated":true}]}}