{"id":1876,"date":"2026-02-10T09:40:02","date_gmt":"2026-02-10T08:40:02","guid":{"rendered":"https:\/\/arte.umh.es\/?p=1876"},"modified":"2026-02-10T09:40:02","modified_gmt":"2026-02-10T08:40:02","slug":"el-profesor-fran-mateu-presenta-su-libro-abadias-laberintos-y-pixeles-narrativas-transmedia-desde-el-nombre-de-la-rosa","status":"publish","type":"post","link":"https:\/\/arte.umh.es\/en\/2026\/02\/10\/el-profesor-fran-mateu-presenta-su-libro-abadias-laberintos-y-pixeles-narrativas-transmedia-desde-el-nombre-de-la-rosa\/","title":{"rendered":"<span lang=\"es\">(Espa\u00f1ol) El profesor Fran Mateu presenta su libro Abad\u00edas, Laberintos y P\u00edxeles. Narrativas transmedia desde El Nombre de la Rosa<\/span>"},"content":{"rendered":"<p class=\"qtranxs-available-languages-message qtranxs-available-languages-message-en\">Sorry, this entry is only available in <a href=\"https:\/\/arte.umh.es\/es\/wp-json\/wp\/v2\/posts\/1876\" class=\"qtranxs-available-language-link qtranxs-available-language-link-es\" title=\"Espa\u00f1ol\">European Spanish<\/a>.<\/p>","protected":false},"excerpt":{"rendered":"<p>Sorry, this entry is only available in European Spanish.<\/p>\n","protected":false},"author":31,"featured_media":0,"comment_status":"closed","ping_status":"open","sticky":false,"template":"","format":"standard","meta":{"_links_to":"","_links_to_target":""},"categories":[565,737659],"tags":[],"_links":{"self":[{"href":"https:\/\/arte.umh.es\/en\/wp-json\/wp\/v2\/posts\/1876"}],"collection":[{"href":"https:\/\/arte.umh.es\/en\/wp-json\/wp\/v2\/posts"}],"about":[{"href":"https:\/\/arte.umh.es\/en\/wp-json\/wp\/v2\/types\/post"}],"author":[{"embeddable":true,"href":"https:\/\/arte.umh.es\/en\/wp-json\/wp\/v2\/users\/31"}],"replies":[{"embeddable":true,"href":"https:\/\/arte.umh.es\/en\/wp-json\/wp\/v2\/comments?post=1876"}],"version-history":[{"count":0,"href":"https:\/\/arte.umh.es\/en\/wp-json\/wp\/v2\/posts\/1876\/revisions"}],"wp:attachment":[{"href":"https:\/\/arte.umh.es\/en\/wp-json\/wp\/v2\/media?parent=1876"}],"wp:term":[{"taxonomy":"category","embeddable":true,"href":"https:\/\/arte.umh.es\/en\/wp-json\/wp\/v2\/categories?post=1876"},{"taxonomy":"post_tag","embeddable":true,"href":"https:\/\/arte.umh.es\/en\/wp-json\/wp\/v2\/tags?post=1876"}],"curies":[{"name":"wp","href":"https:\/\/api.w.org\/{rel}","templated":true}]}}