{"id":621,"date":"2019-09-30T10:06:07","date_gmt":"2019-09-30T08:06:07","guid":{"rendered":"http:\/\/arte.umh.es\/?p=621"},"modified":"2019-09-30T10:10:23","modified_gmt":"2019-09-30T08:10:23","slug":"el-profesor-juan-francisco-martinez-gomez-de-albacete-inaugurara-su-exposicion-titulada-pliegues-en-la-galeria-acas-de-elche","status":"publish","type":"post","link":"https:\/\/arte.umh.es\/ca\/2019\/09\/30\/el-profesor-juan-francisco-martinez-gomez-de-albacete-inaugurara-su-exposicion-titulada-pliegues-en-la-galeria-acas-de-elche\/","title":{"rendered":"El professor Juan Francisco Mart\u00ednez G\u00f3mez de Albacete inaugurar\u00e0 la seua exposici\u00f3 titulada &#8220;PLECS&#8221; en la Galeria ACAS d&#8217;Elx"},"content":{"rendered":"<p class=\"qtranxs-available-languages-message qtranxs-available-languages-message-ca\">Ho sentim, aquesta entrada es troba disponible \u00fanicament en <a href=\"https:\/\/arte.umh.es\/es\/wp-json\/wp\/v2\/posts\/621\" class=\"qtranxs-available-language-link qtranxs-available-language-link-es\" title=\"Espa\u00f1ol\">Espanyol Europeu<\/a>.<\/p>","protected":false},"excerpt":{"rendered":"<p>Ho sentim, aquesta entrada es troba disponible \u00fanicament en Espanyol Europeu.<\/p>\n","protected":false},"author":31,"featured_media":0,"comment_status":"closed","ping_status":"open","sticky":false,"template":"","format":"standard","meta":{"_links_to":"","_links_to_target":""},"categories":[565,357],"tags":[],"_links":{"self":[{"href":"https:\/\/arte.umh.es\/ca\/wp-json\/wp\/v2\/posts\/621"}],"collection":[{"href":"https:\/\/arte.umh.es\/ca\/wp-json\/wp\/v2\/posts"}],"about":[{"href":"https:\/\/arte.umh.es\/ca\/wp-json\/wp\/v2\/types\/post"}],"author":[{"embeddable":true,"href":"https:\/\/arte.umh.es\/ca\/wp-json\/wp\/v2\/users\/31"}],"replies":[{"embeddable":true,"href":"https:\/\/arte.umh.es\/ca\/wp-json\/wp\/v2\/comments?post=621"}],"version-history":[{"count":0,"href":"https:\/\/arte.umh.es\/ca\/wp-json\/wp\/v2\/posts\/621\/revisions"}],"wp:attachment":[{"href":"https:\/\/arte.umh.es\/ca\/wp-json\/wp\/v2\/media?parent=621"}],"wp:term":[{"taxonomy":"category","embeddable":true,"href":"https:\/\/arte.umh.es\/ca\/wp-json\/wp\/v2\/categories?post=621"},{"taxonomy":"post_tag","embeddable":true,"href":"https:\/\/arte.umh.es\/ca\/wp-json\/wp\/v2\/tags?post=621"}],"curies":[{"name":"wp","href":"https:\/\/api.w.org\/{rel}","templated":true}]}}