{"id":296,"date":"2017-10-25T10:36:12","date_gmt":"2017-10-25T08:36:12","guid":{"rendered":"http:\/\/arte.umh.es\/?p=296"},"modified":"2017-10-25T10:37:17","modified_gmt":"2017-10-25T08:37:17","slug":"exposicion-del-profesor-jose-vicente-martin-martinez","status":"publish","type":"post","link":"https:\/\/arte.umh.es\/ca\/2017\/10\/25\/exposicion-del-profesor-jose-vicente-martin-martinez\/","title":{"rendered":"<span lang=\"es\">(Espa\u00f1ol) EXPOSICI\u00d3N DEL PROFESOR DE LA FACULTAD DE BBAA DE ALTEA JOSE VICENTE MART\u00cdN MART\u00cdNEZ<\/span>"},"content":{"rendered":"<p class=\"qtranxs-available-languages-message qtranxs-available-languages-message-ca\">Ho sentim, aquesta entrada es troba disponible \u00fanicament en <a href=\"https:\/\/arte.umh.es\/es\/wp-json\/wp\/v2\/posts\/296\" class=\"qtranxs-available-language-link qtranxs-available-language-link-es\" title=\"Espa\u00f1ol\">Espanyol Europeu<\/a>.<\/p>","protected":false},"excerpt":{"rendered":"<p>Ho sentim, aquesta entrada es troba disponible \u00fanicament en Espanyol Europeu.<\/p>\n","protected":false},"author":3244,"featured_media":0,"comment_status":"closed","ping_status":"open","sticky":false,"template":"","format":"standard","meta":{"_links_to":"","_links_to_target":""},"categories":[357],"tags":[],"_links":{"self":[{"href":"https:\/\/arte.umh.es\/ca\/wp-json\/wp\/v2\/posts\/296"}],"collection":[{"href":"https:\/\/arte.umh.es\/ca\/wp-json\/wp\/v2\/posts"}],"about":[{"href":"https:\/\/arte.umh.es\/ca\/wp-json\/wp\/v2\/types\/post"}],"author":[{"embeddable":true,"href":"https:\/\/arte.umh.es\/ca\/wp-json\/wp\/v2\/users\/3244"}],"replies":[{"embeddable":true,"href":"https:\/\/arte.umh.es\/ca\/wp-json\/wp\/v2\/comments?post=296"}],"version-history":[{"count":0,"href":"https:\/\/arte.umh.es\/ca\/wp-json\/wp\/v2\/posts\/296\/revisions"}],"wp:attachment":[{"href":"https:\/\/arte.umh.es\/ca\/wp-json\/wp\/v2\/media?parent=296"}],"wp:term":[{"taxonomy":"category","embeddable":true,"href":"https:\/\/arte.umh.es\/ca\/wp-json\/wp\/v2\/categories?post=296"},{"taxonomy":"post_tag","embeddable":true,"href":"https:\/\/arte.umh.es\/ca\/wp-json\/wp\/v2\/tags?post=296"}],"curies":[{"name":"wp","href":"https:\/\/api.w.org\/{rel}","templated":true}]}}