{"id":186,"date":"2017-05-24T08:03:11","date_gmt":"2017-05-24T06:03:11","guid":{"rendered":"http:\/\/arte.umh.es\/?p=186"},"modified":"2017-05-24T08:03:11","modified_gmt":"2017-05-24T06:03:11","slug":"certamen-de-creacion-fotografica-contemporanea-universidad-de-huelva","status":"publish","type":"post","link":"https:\/\/arte.umh.es\/ca\/2017\/05\/24\/certamen-de-creacion-fotografica-contemporanea-universidad-de-huelva\/","title":{"rendered":"<span lang=\"es\">(Espa\u00f1ol) CERTAMEN DE CREACI\u00d3N FOTOGR\u00c1FICA CONTEMPOR\u00c1NEA &#8211; Universidad de Huelva<\/span>"},"content":{"rendered":"<p class=\"qtranxs-available-languages-message qtranxs-available-languages-message-ca\">Ho sentim, aquesta entrada es troba disponible \u00fanicament en <a href=\"https:\/\/arte.umh.es\/es\/wp-json\/wp\/v2\/posts\/186\" class=\"qtranxs-available-language-link qtranxs-available-language-link-es\" title=\"Espa\u00f1ol\">Espanyol Europeu<\/a>.<\/p>","protected":false},"excerpt":{"rendered":"<p>Ho sentim, aquesta entrada es troba disponible \u00fanicament en Espanyol Europeu.<\/p>\n","protected":false},"author":3244,"featured_media":0,"comment_status":"closed","ping_status":"open","sticky":false,"template":"","format":"standard","meta":{"_links_to":"","_links_to_target":""},"categories":[283],"tags":[],"_links":{"self":[{"href":"https:\/\/arte.umh.es\/ca\/wp-json\/wp\/v2\/posts\/186"}],"collection":[{"href":"https:\/\/arte.umh.es\/ca\/wp-json\/wp\/v2\/posts"}],"about":[{"href":"https:\/\/arte.umh.es\/ca\/wp-json\/wp\/v2\/types\/post"}],"author":[{"embeddable":true,"href":"https:\/\/arte.umh.es\/ca\/wp-json\/wp\/v2\/users\/3244"}],"replies":[{"embeddable":true,"href":"https:\/\/arte.umh.es\/ca\/wp-json\/wp\/v2\/comments?post=186"}],"version-history":[{"count":0,"href":"https:\/\/arte.umh.es\/ca\/wp-json\/wp\/v2\/posts\/186\/revisions"}],"wp:attachment":[{"href":"https:\/\/arte.umh.es\/ca\/wp-json\/wp\/v2\/media?parent=186"}],"wp:term":[{"taxonomy":"category","embeddable":true,"href":"https:\/\/arte.umh.es\/ca\/wp-json\/wp\/v2\/categories?post=186"},{"taxonomy":"post_tag","embeddable":true,"href":"https:\/\/arte.umh.es\/ca\/wp-json\/wp\/v2\/tags?post=186"}],"curies":[{"name":"wp","href":"https:\/\/api.w.org\/{rel}","templated":true}]}}