{"id":1054,"date":"2022-02-10T13:13:15","date_gmt":"2022-02-10T12:13:15","guid":{"rendered":"https:\/\/arte.umh.es\/?p=1054"},"modified":"2022-02-10T13:14:44","modified_gmt":"2022-02-10T12:14:44","slug":"la-profesora-pilar-viviente-participa-en-barcelona-en-la-exposicion-colectiva-contemporanea-con-su-obra-rodetes","status":"publish","type":"post","link":"https:\/\/arte.umh.es\/ca\/2022\/02\/10\/la-profesora-pilar-viviente-participa-en-barcelona-en-la-exposicion-colectiva-contemporanea-con-su-obra-rodetes\/","title":{"rendered":"La professora Pilar Viviente participa en Barcelona en l&#8217;exposici\u00f3 \u2018Col\u00b7lectiva Contempor\u00e0nia\u2019 amb la seua obra &#8216;Rodetes'"},"content":{"rendered":"<p><a href=\"https:\/\/arte.umh.es\/files\/2022\/02\/08-02-22-expo-viviente-scaled-1.jpg\"><img loading=\"lazy\" class=\"alignleft size-medium wp-image-1057\" src=\"https:\/\/arte.umh.es\/files\/2022\/02\/08-02-22-expo-viviente-scaled-1-300x169.jpg\" alt=\"\" width=\"300\" height=\"169\" srcset=\"https:\/\/arte.umh.es\/files\/2022\/02\/08-02-22-expo-viviente-scaled-1-300x169.jpg 300w, https:\/\/arte.umh.es\/files\/2022\/02\/08-02-22-expo-viviente-scaled-1-1024x576.jpg 1024w, https:\/\/arte.umh.es\/files\/2022\/02\/08-02-22-expo-viviente-scaled-1-768x432.jpg 768w, https:\/\/arte.umh.es\/files\/2022\/02\/08-02-22-expo-viviente-scaled-1-1536x864.jpg 1536w, https:\/\/arte.umh.es\/files\/2022\/02\/08-02-22-expo-viviente-scaled-1-2048x1152.jpg 2048w\" sizes=\"(max-width: 300px) 100vw, 300px\" \/><\/a>Abartium Estudi &amp; Galeria d&#8217;Art (Barcelona) ha organitzat l&#8217;exposici\u00f3 \u2018Col\u00b7lectiva Contempor\u00e0nia\u2019, en la qual participa la professora de l&#8217;\u00c0rea de Dibuix de la Universitat Miguel Hern\u00e1ndez (UMH) d&#8217;Elx Pilar Viviente amb la seua obra &#8216;Rodetes&#8217;. Aquesta exposici\u00f3, comissariada per Eva Cunill, romandr\u00e0 oberta al p\u00fablic fins al 12 de febrer.<\/p>\n<p>En l&#8217;exposici\u00f3 col\u00b7lectiva participen, a m\u00e9s de la professora de la UMH, artistes com Javier Aoiz Orduna, J. L. Arce, Rafaela G\u00f3mez-Casero, Patricia Parra, Emme Pons, Enrique Porta, Salvinoblanco i Bea Zerolo. En la seua obra, Pilar Viviente exposa els Rodetes en refer\u00e8ncia a \u2018La Dama d&#8217;Elx\u2019 que porten l&#8217;alliberament a trav\u00e9s de la repetici\u00f3, ja siga a nivell visual o sonor. La professora de la UMH Pilar Viviente es refereix a la consci\u00e8ncia c\u00f2smica i temes arqueol\u00f2gics, patrons m\u00edtics i universals sota la superf\u00edcie, relacionats amb una investigaci\u00f3 art\u00edstica de llum i color.<\/p>\n<p>En concret, la professora de la UMH presenta un total de sis obres emmarcades, exposades a manera d&#8217;instal\u00b7laci\u00f3, on cada Rodete independent i la totalitat, la unitat visual de la suma de les parts (els sis Rodetes), estan formalment articulades i creen un \u2018contrapunt crom\u00e0tic\u2019. Segons la professora Pilar Viviente, amb aquest terme volem designar a l&#8217;expressi\u00f3 art\u00edstica que integra l&#8217;estructura musical del contrapunt en la composici\u00f3 visual\u201d.<\/p>\n<p>M\u00e9s informaci\u00f3:\u00a0<a href=\"http:\/\/www.abartium.com\/\">www.abartium.com<\/a><\/p>","protected":false},"excerpt":{"rendered":"<p>Abartium Estudi &amp; Galeria d&#8217;Art (Barcelona) ha organitzat l&#8217;exposici\u00f3 \u2018Col\u00b7lectiva Contempor\u00e0nia\u2019, en la qual participa la professora de l&#8217;\u00c0rea de Dibuix de la Universitat Miguel Hern\u00e1ndez (UMH) d&#8217;Elx Pilar Viviente amb la seua obra &#8216;Rodetes&#8217;. Aquesta exposici\u00f3, comissariada per Eva Cunill, romandr\u00e0 oberta al p\u00fablic fins al 12 de febrer.<br \/>\nEn l&#8217;exposici\u00f3 col\u00b7lectiva participen, a m\u00e9s [&#8230;]<\/p>\n","protected":false},"author":31,"featured_media":0,"comment_status":"closed","ping_status":"open","sticky":false,"template":"","format":"standard","meta":{"_links_to":"","_links_to_target":""},"categories":[565,357],"tags":[],"_links":{"self":[{"href":"https:\/\/arte.umh.es\/ca\/wp-json\/wp\/v2\/posts\/1054"}],"collection":[{"href":"https:\/\/arte.umh.es\/ca\/wp-json\/wp\/v2\/posts"}],"about":[{"href":"https:\/\/arte.umh.es\/ca\/wp-json\/wp\/v2\/types\/post"}],"author":[{"embeddable":true,"href":"https:\/\/arte.umh.es\/ca\/wp-json\/wp\/v2\/users\/31"}],"replies":[{"embeddable":true,"href":"https:\/\/arte.umh.es\/ca\/wp-json\/wp\/v2\/comments?post=1054"}],"version-history":[{"count":0,"href":"https:\/\/arte.umh.es\/ca\/wp-json\/wp\/v2\/posts\/1054\/revisions"}],"wp:attachment":[{"href":"https:\/\/arte.umh.es\/ca\/wp-json\/wp\/v2\/media?parent=1054"}],"wp:term":[{"taxonomy":"category","embeddable":true,"href":"https:\/\/arte.umh.es\/ca\/wp-json\/wp\/v2\/categories?post=1054"},{"taxonomy":"post_tag","embeddable":true,"href":"https:\/\/arte.umh.es\/ca\/wp-json\/wp\/v2\/tags?post=1054"}],"curies":[{"name":"wp","href":"https:\/\/api.w.org\/{rel}","templated":true}]}}