{"id":1039,"date":"2022-01-19T14:23:39","date_gmt":"2022-01-19T13:23:39","guid":{"rendered":"https:\/\/arte.umh.es\/?p=1039"},"modified":"2022-01-19T14:23:39","modified_gmt":"2022-01-19T13:23:39","slug":"profesor-guillermo-lopez-aliaga-participa-en-madrid-en-un-coloquio-sobre-la-pelicula-solos-en-la-madrugada-de-jose-luis-garci","status":"publish","type":"post","link":"https:\/\/arte.umh.es\/ca\/2022\/01\/19\/profesor-guillermo-lopez-aliaga-participa-en-madrid-en-un-coloquio-sobre-la-pelicula-solos-en-la-madrugada-de-jose-luis-garci\/","title":{"rendered":"<span lang=\"es\">(Espa\u00f1ol) profesor Guillermo L\u00f3pez Aliaga participa en Madrid en un coloquio sobre la pel\u00edcula \u2018Solos en la madrugada\u2019 de Jos\u00e9 Luis Garci<\/span>"},"content":{"rendered":"<p class=\"qtranxs-available-languages-message qtranxs-available-languages-message-ca\">Ho sentim, aquesta entrada es troba disponible \u00fanicament en <a href=\"https:\/\/arte.umh.es\/es\/wp-json\/wp\/v2\/posts\/1039\" class=\"qtranxs-available-language-link qtranxs-available-language-link-es\" title=\"Espa\u00f1ol\">Espanyol Europeu<\/a>.<\/p>","protected":false},"excerpt":{"rendered":"<p>Ho sentim, aquesta entrada es troba disponible \u00fanicament en Espanyol Europeu.<\/p>\n","protected":false},"author":31,"featured_media":0,"comment_status":"closed","ping_status":"open","sticky":false,"template":"","format":"standard","meta":{"_links_to":"","_links_to_target":""},"categories":[565,28913],"tags":[],"_links":{"self":[{"href":"https:\/\/arte.umh.es\/ca\/wp-json\/wp\/v2\/posts\/1039"}],"collection":[{"href":"https:\/\/arte.umh.es\/ca\/wp-json\/wp\/v2\/posts"}],"about":[{"href":"https:\/\/arte.umh.es\/ca\/wp-json\/wp\/v2\/types\/post"}],"author":[{"embeddable":true,"href":"https:\/\/arte.umh.es\/ca\/wp-json\/wp\/v2\/users\/31"}],"replies":[{"embeddable":true,"href":"https:\/\/arte.umh.es\/ca\/wp-json\/wp\/v2\/comments?post=1039"}],"version-history":[{"count":0,"href":"https:\/\/arte.umh.es\/ca\/wp-json\/wp\/v2\/posts\/1039\/revisions"}],"wp:attachment":[{"href":"https:\/\/arte.umh.es\/ca\/wp-json\/wp\/v2\/media?parent=1039"}],"wp:term":[{"taxonomy":"category","embeddable":true,"href":"https:\/\/arte.umh.es\/ca\/wp-json\/wp\/v2\/categories?post=1039"},{"taxonomy":"post_tag","embeddable":true,"href":"https:\/\/arte.umh.es\/ca\/wp-json\/wp\/v2\/tags?post=1039"}],"curies":[{"name":"wp","href":"https:\/\/api.w.org\/{rel}","templated":true}]}}